{"id":69331,"date":"2023-08-11T08:47:57","date_gmt":"2023-08-11T12:47:57","guid":{"rendered":"https:\/\/cmaontario.ca\/?p=69331"},"modified":"2025-09-27T22:16:12","modified_gmt":"2025-09-28T02:16:12","slug":"in-the-country-with-dave-woods-remembering-john-marlatt","status":"publish","type":"post","link":"https:\/\/cmaontario.ca\/fr\/in-the-country-with-dave-woods-remembering-john-marlatt\/","title":{"rendered":"\u00c0 la campagne avec Dave Woods <br>En souvenir de John Marlatt"},"content":{"rendered":"<p>La nouvelle s'est rapidement r\u00e9pandue le lundi 24 juillet 2023 que John Marlatt, propri\u00e9taire de l'embl\u00e9matique Moonshine Cafe d'Oakville, est d\u00e9c\u00e9d\u00e9 des suites d'une courte maladie. Aussit\u00f4t, un immense afflux d'amour et de souvenirs a \u00e9t\u00e9 exprim\u00e9 sur les r\u00e9seaux sociaux pour l'homme connu pour son esprit vif, sa convivialit\u00e9 et son amour de la musique live. La sc\u00e8ne du Moonshine est devenue une institution et un lieu incontournable sur Kerr Street au cours des 17 derni\u00e8res ann\u00e9es. John \u00e9tait toujours l\u00e0, travaillant dur, faisant des barbecues, encourageant les artistes et demandant parfois au public d'arr\u00eater de parler et d'\u00e9couter vraiment les artistes et leurs chansons. Le Moonshine Cafe est l\u00e9gendaire \u00e0 cause de la l\u00e9gende qu'est John. Quiconque a \u00e9t\u00e9 dans ce lieu en tant que membre du public ou interpr\u00e8te sait que c'est vrai. Des leaders comme John ne se pr\u00e9sentent pas tous les jours, et ce qu'ils nous laissent reste avec nous tous les jours.<\/p>\n<p>Beaucoup d'artistes ont eu leur premi\u00e8re chance de jouer sur sc\u00e8ne au Moonshine, et cela n'aurait pas pu \u00eatre une salle plus s\u00fbre et plus accueillante. Un endroit o\u00f9 les artistes peuvent grandir et apprendre au fil des ann\u00e9es, et essayer de nouvelles chansons. Dans beaucoup d'endroits o\u00f9 les artistes jouent, leur musique est rel\u00e9gu\u00e9e au second plan, noy\u00e9e par la conversation\u2026 mais John a cr\u00e9\u00e9 cet espace pour en faire une salle d'\u00e9coute. Surtout lors des soir\u00e9es d'auteurs-compositeurs acoustiques.<\/p>\n<p>Il a toujours soutenu ma s\u00e9rie de compositeurs, Country Nights In The City, et a toujours \u00e9t\u00e9 tr\u00e8s gentil avec moi. Pendant la pand\u00e9mie, il a eu l'id\u00e9e de transformer le parking en espace patio et de diffuser mes spectacles sur grand \u00e9cran \u00e0 l'ext\u00e9rieur. Cela a permis \u00e0 la musique de continuer pendant une p\u00e9riode difficile. Une fois, quand j'avais donn\u00e9 \u00e0 l'avance l'argent de la caisse et que je me suis retrouv\u00e9 \u00e0 la fin de la soir\u00e9e avec un manque de $100, John a mis la main \u00e0 la poche et m'a donn\u00e9 cinq billets de $20. Il a dit : \u2019 Nous sommes une \u00e9quipe \u201c.<\/p>\n<p>Comme tout le monde, je suis attrist\u00e9 par cette nouvelle dans la communaut\u00e9 musicale. Cela ne semble ni r\u00e9el ni possible. Mais une vie bien v\u00e9cue par John nous a tous enrichis. Je serai de retour avec ma prochaine \u00e9mission Moonshine le 30 ao\u00fbt, et nous nous souviendrons et c\u00e9l\u00e9brerons John avec des histoires et des chansons.<\/p>\n<p><strong>\u00c0 toi, John ! La communaut\u00e9 musicale \u00e0 qui tu as tant donn\u00e9 ne t'oubliera jamais.<\/strong><\/p>\n<p>\u201cComme certains d'entre vous le savent maintenant, nous avons perdu notre chef intr\u00e9pide aux petites heures du matin. Mon cher mari, John Marlatt, est d\u00e9c\u00e9d\u00e9 lors d'une op\u00e9ration d'urgence pour retirer un gros an\u00e9vrisme d\u00e9couvert dans son estomac. Il a souffert de diverses affections au cours des deux derniers mois, ce qui l'a laiss\u00e9 tr\u00e8s affaibli et extr\u00eamement fatigu\u00e9. John \u00e9tait un personnage hors du commun, dot\u00e9 d'un esprit incroyablement vif qui divertissait constamment nos clients de Moonshine. Je tiens \u00e0 vous remercier tous d'avoir pris contact avec moi avec vos aimables paroles et votre amour. Je suis submerg\u00e9e de fiert\u00e9 \u00e0 quel point mon Johnny \u00e9tait respect\u00e9 et aim\u00e9. Il nous manquera terriblement et quotidiennement \u00e0 tous ceux qui l'ont connu. Le Moonshine ne sera plus jamais le m\u00eame sans notre Johnny Boy.\u201d <strong>\u2013<\/strong> <strong>Jane MacKay, \u00e9pouse de John<\/strong><\/p>\n<p>\u201cIl disait toujours : \u201c Tu sais que je ne te paie pas. \u201d Quelque chose dans le genre. Ce sont des rituels entre personnes qui se connaissent depuis longtemps\u2026 de petites choses qui ne semblent pas grand-chose, mais qui sont en r\u00e9alit\u00e9 immenses. Je suis tellement reconnaissante que nous ayons d\u00e9velopp\u00e9 quelque chose au-del\u00e0 de la relation groupe et propri\u00e9taire de bar \u2013 nous sommes devenus de vrais amis. Bien s\u00fbr, nous n\u2019avons pas eu \u00e0 faire beaucoup d\u2019efforts pour que cela se produise ; John a rendu cela tout \u00e0 fait naturel. Il a rendu l\u2019amiti\u00e9 facile\u2026 et John est l\u2019un de nos vrais, vrais grands amis. Nous t\u2019aimons, John, et c\u2019est un grand r\u00e9confort pour moi de penser que tu le savais vraiment, et que tu le sais maintenant, o\u00f9 que tu sois. Tu fais toujours partie de nous, et tu es toujours avec nous, mec, jusqu\u2019\u00e0 ce que nous nous retrouvions.\u201d <strong>\u2013 Les fr\u00e8res Weber<\/strong><\/p>\n<p>\u201cJe serai toujours impressionn\u00e9 par le pari \u00e0 long terme qu'il a jou\u00e9 avec son cher Moonshine Cafe. Il a commenc\u00e9 des ann\u00e9es avant d'ouvrir les portes au 137 Kerr. J'ai rencontr\u00e9 John pour la premi\u00e8re fois alors qu'il organisait des soir\u00e9es micro ouvert au Pic-A-Deli. John savait que le Moonshine allait se construire sur des relations. Il a fallu des ann\u00e9es de patience et de travail acharn\u00e9 pour b\u00e2tir la communaut\u00e9 d'artistes et de clients qui font le succ\u00e8s actuel du lieu. Il a bataill\u00e9 avec les premiers jours de la bureaucratie r\u00e9glementaire qui signifiaient des choses comme diviser la pi\u00e8ce en deux parce qu'il ne pouvait \u00eatre autoris\u00e9 que pour la moiti\u00e9 de sa capacit\u00e9. La pand\u00e9mie de Covid a probablement \u00e9t\u00e9 son plus grand d\u00e9fi, mais la communaut\u00e9 qu'il avait b\u00e2tie n'a pas laiss\u00e9 le Moonshine mourir et est venue \u00e0 son aide avec suffisamment d'argent et de soutien moral pour le faire traverser.\u201d<strong>\u2013 Neil MacNaughton<\/strong><\/p>","protected":false},"excerpt":{"rendered":"<p>La nouvelle s'est rapidement r\u00e9pandue le lundi 24 juillet 2023 que John Marlatt, propri\u00e9taire de l'embl\u00e9matique Moonshine Cafe d'Oakville, \u00e9tait d\u00e9c\u00e9d\u00e9 apr\u00e8s une courte maladie. Imm\u00e9diatement, il y a eu un\u2026<\/p>","protected":false},"author":3,"featured_media":69332,"comment_status":"closed","ping_status":"closed","sticky":false,"template":"","format":"standard","meta":{"_monsterinsights_skip_tracking":false,"_monsterinsights_sitenote_active":false,"_monsterinsights_sitenote_note":"","_monsterinsights_sitenote_category":0,"_uf_show_specific_survey":0,"_uf_disable_surveys":false,"_price":"","_stock":"","_tribe_ticket_header":"","_tribe_default_ticket_provider":"","_tribe_ticket_capacity":"","_ticket_start_date":"","_ticket_end_date":"","_tribe_ticket_show_description":"","_tribe_ticket_show_not_going":false,"_tribe_ticket_use_global_stock":"","_tribe_ticket_global_stock_level":"","_global_stock_mode":"","_global_stock_cap":"","_tribe_rsvp_for_event":"","_tribe_ticket_going_count":"","_tribe_ticket_not_going_count":"","_tribe_tickets_list":"[]","_tribe_ticket_has_attendee_info_fields":false,"footnotes":""},"categories":[1189],"tags":[],"class_list":["post-69331","post","type-post","status-publish","format-standard","has-post-thumbnail","hentry","category-in-the-country-with-dave-woods-2023"],"yoast_head":"<!-- This site is optimized with the Yoast SEO plugin v27.5 - https:\/\/yoast.com\/product\/yoast-seo-wordpress\/ -->\n<title>In the Country with Dave Woods Remembering John Marlatt - Country Music Association of Ontario<\/title>\n<meta name=\"robots\" content=\"index, follow, max-snippet:-1, max-image-preview:large, max-video-preview:-1\" \/>\n<link rel=\"canonical\" href=\"https:\/\/cmaontario.ca\/fr\/in-the-country-with-dave-woods-remembering-john-marlatt\/\" \/>\n<meta property=\"og:locale\" content=\"fr_CA\" \/>\n<meta property=\"og:type\" content=\"article\" \/>\n<meta property=\"og:title\" content=\"In the Country with Dave Woods Remembering John Marlatt - Country Music Association of Ontario\" \/>\n<meta property=\"og:description\" content=\"The news spread quickly on Monday, July 24, 2023, that John Marlatt, owner of Oakville\u2019s iconic Moonshine Cafe, had passed away after a brief illness. Right away, there was an&hellip;\" \/>\n<meta property=\"og:url\" content=\"https:\/\/cmaontario.ca\/fr\/in-the-country-with-dave-woods-remembering-john-marlatt\/\" \/>\n<meta property=\"og:site_name\" content=\"Country Music Association of Ontario\" \/>\n<meta property=\"article:publisher\" content=\"https:\/\/www.facebook.com\/thecmaontario\/\" \/>\n<meta property=\"article:published_time\" content=\"2023-08-11T12:47:57+00:00\" \/>\n<meta property=\"article:modified_time\" content=\"2025-09-28T02:16:12+00:00\" \/>\n<meta property=\"og:image\" content=\"https:\/\/cmaontario.ca\/wp-content\/uploads\/2025\/09\/in-the-country-with-dave-woods-remembering-john-marlatt.jpg\" \/>\n\t<meta property=\"og:image:width\" content=\"813\" \/>\n\t<meta property=\"og:image:height\" content=\"630\" \/>\n\t<meta property=\"og:image:type\" content=\"image\/jpeg\" \/>\n<meta name=\"author\" content=\"CMAO ADMIN\" \/>\n<meta name=\"twitter:card\" content=\"summary_large_image\" \/>\n<meta name=\"twitter:creator\" content=\"@theCMAOntario\" \/>\n<meta name=\"twitter:site\" content=\"@theCMAOntario\" \/>\n<meta name=\"twitter:label1\" content=\"\u00c9crit par\" \/>\n\t<meta name=\"twitter:data1\" content=\"CMAO ADMIN\" \/>\n\t<meta name=\"twitter:label2\" content=\"Estimation du temps de lecture\" \/>\n\t<meta name=\"twitter:data2\" content=\"4 minutes\" \/>\n<script type=\"application\/ld+json\" class=\"yoast-schema-graph\">{\"@context\":\"https:\\\/\\\/schema.org\",\"@graph\":[{\"@type\":\"Article\",\"@id\":\"https:\\\/\\\/cmaontario.ca\\\/in-the-country-with-dave-woods-remembering-john-marlatt\\\/#article\",\"isPartOf\":{\"@id\":\"https:\\\/\\\/cmaontario.ca\\\/in-the-country-with-dave-woods-remembering-john-marlatt\\\/\"},\"author\":{\"name\":\"CMAO ADMIN\",\"@id\":\"https:\\\/\\\/cmaontario.ca\\\/#\\\/schema\\\/person\\\/10a9689eb667d4e847d03bfa032e6e05\"},\"headline\":\"In the Country with Dave Woods Remembering John Marlatt\",\"datePublished\":\"2023-08-11T12:47:57+00:00\",\"dateModified\":\"2025-09-28T02:16:12+00:00\",\"mainEntityOfPage\":{\"@id\":\"https:\\\/\\\/cmaontario.ca\\\/in-the-country-with-dave-woods-remembering-john-marlatt\\\/\"},\"wordCount\":816,\"publisher\":{\"@id\":\"https:\\\/\\\/cmaontario.ca\\\/#organization\"},\"image\":{\"@id\":\"https:\\\/\\\/cmaontario.ca\\\/in-the-country-with-dave-woods-remembering-john-marlatt\\\/#primaryimage\"},\"thumbnailUrl\":\"https:\\\/\\\/cmaontario.ca\\\/wp-content\\\/uploads\\\/2025\\\/09\\\/in-the-country-with-dave-woods-remembering-john-marlatt.jpg\",\"articleSection\":[\"In the Country with Dave Woods 2023\"],\"inLanguage\":\"fr-CA\"},{\"@type\":\"WebPage\",\"@id\":\"https:\\\/\\\/cmaontario.ca\\\/in-the-country-with-dave-woods-remembering-john-marlatt\\\/\",\"url\":\"https:\\\/\\\/cmaontario.ca\\\/in-the-country-with-dave-woods-remembering-john-marlatt\\\/\",\"name\":\"In the Country with Dave Woods Remembering John Marlatt - Country Music Association of Ontario\",\"isPartOf\":{\"@id\":\"https:\\\/\\\/cmaontario.ca\\\/#website\"},\"primaryImageOfPage\":{\"@id\":\"https:\\\/\\\/cmaontario.ca\\\/in-the-country-with-dave-woods-remembering-john-marlatt\\\/#primaryimage\"},\"image\":{\"@id\":\"https:\\\/\\\/cmaontario.ca\\\/in-the-country-with-dave-woods-remembering-john-marlatt\\\/#primaryimage\"},\"thumbnailUrl\":\"https:\\\/\\\/cmaontario.ca\\\/wp-content\\\/uploads\\\/2025\\\/09\\\/in-the-country-with-dave-woods-remembering-john-marlatt.jpg\",\"datePublished\":\"2023-08-11T12:47:57+00:00\",\"dateModified\":\"2025-09-28T02:16:12+00:00\",\"breadcrumb\":{\"@id\":\"https:\\\/\\\/cmaontario.ca\\\/in-the-country-with-dave-woods-remembering-john-marlatt\\\/#breadcrumb\"},\"inLanguage\":\"fr-CA\",\"potentialAction\":[{\"@type\":\"ReadAction\",\"target\":[\"https:\\\/\\\/cmaontario.ca\\\/in-the-country-with-dave-woods-remembering-john-marlatt\\\/\"]}]},{\"@type\":\"ImageObject\",\"inLanguage\":\"fr-CA\",\"@id\":\"https:\\\/\\\/cmaontario.ca\\\/in-the-country-with-dave-woods-remembering-john-marlatt\\\/#primaryimage\",\"url\":\"https:\\\/\\\/cmaontario.ca\\\/wp-content\\\/uploads\\\/2025\\\/09\\\/in-the-country-with-dave-woods-remembering-john-marlatt.jpg\",\"contentUrl\":\"https:\\\/\\\/cmaontario.ca\\\/wp-content\\\/uploads\\\/2025\\\/09\\\/in-the-country-with-dave-woods-remembering-john-marlatt.jpg\",\"width\":813,\"height\":630,\"caption\":\"in-the-country-with-dave-woods-remembering-john-marlatt\"},{\"@type\":\"BreadcrumbList\",\"@id\":\"https:\\\/\\\/cmaontario.ca\\\/in-the-country-with-dave-woods-remembering-john-marlatt\\\/#breadcrumb\",\"itemListElement\":[{\"@type\":\"ListItem\",\"position\":1,\"name\":\"Home\",\"item\":\"https:\\\/\\\/cmaontario.ca\\\/\"},{\"@type\":\"ListItem\",\"position\":2,\"name\":\"In the Country with Dave Woods Remembering John Marlatt\"}]},{\"@type\":\"WebSite\",\"@id\":\"https:\\\/\\\/cmaontario.ca\\\/#website\",\"url\":\"https:\\\/\\\/cmaontario.ca\\\/\",\"name\":\"Country Music Association of Ontario\",\"description\":\"Making Ontario Country Music Matter.\",\"publisher\":{\"@id\":\"https:\\\/\\\/cmaontario.ca\\\/#organization\"},\"potentialAction\":[{\"@type\":\"SearchAction\",\"target\":{\"@type\":\"EntryPoint\",\"urlTemplate\":\"https:\\\/\\\/cmaontario.ca\\\/?s={search_term_string}\"},\"query-input\":{\"@type\":\"PropertyValueSpecification\",\"valueRequired\":true,\"valueName\":\"search_term_string\"}}],\"inLanguage\":\"fr-CA\"},{\"@type\":\"Organization\",\"@id\":\"https:\\\/\\\/cmaontario.ca\\\/#organization\",\"name\":\"Country Music Association of Ontario\",\"url\":\"https:\\\/\\\/cmaontario.ca\\\/\",\"logo\":{\"@type\":\"ImageObject\",\"inLanguage\":\"fr-CA\",\"@id\":\"https:\\\/\\\/cmaontario.ca\\\/#\\\/schema\\\/logo\\\/image\\\/\",\"url\":\"https:\\\/\\\/cmaontario.ca\\\/wp-content\\\/uploads\\\/2025\\\/12\\\/CMAO-Logo-vertical-MaroonBlu.png\",\"contentUrl\":\"https:\\\/\\\/cmaontario.ca\\\/wp-content\\\/uploads\\\/2025\\\/12\\\/CMAO-Logo-vertical-MaroonBlu.png\",\"width\":512,\"height\":512,\"caption\":\"Country Music Association of Ontario\"},\"image\":{\"@id\":\"https:\\\/\\\/cmaontario.ca\\\/#\\\/schema\\\/logo\\\/image\\\/\"},\"sameAs\":[\"https:\\\/\\\/www.facebook.com\\\/thecmaontario\\\/\",\"https:\\\/\\\/x.com\\\/theCMAOntario\",\"https:\\\/\\\/www.instagram.com\\\/thecmaontario\\\/\",\"https:\\\/\\\/open.spotify.com\\\/user\\\/cmaontario\"]},{\"@type\":\"Person\",\"@id\":\"https:\\\/\\\/cmaontario.ca\\\/#\\\/schema\\\/person\\\/10a9689eb667d4e847d03bfa032e6e05\",\"name\":\"CMAO ADMIN\",\"image\":{\"@type\":\"ImageObject\",\"inLanguage\":\"fr-CA\",\"@id\":\"https:\\\/\\\/secure.gravatar.com\\\/avatar\\\/f7ebe82ec9c354ad3ae32d7dd2959bcc114f509f8008b4b31cf1761872925f3d?s=96&d=mm&r=g\",\"url\":\"https:\\\/\\\/secure.gravatar.com\\\/avatar\\\/f7ebe82ec9c354ad3ae32d7dd2959bcc114f509f8008b4b31cf1761872925f3d?s=96&d=mm&r=g\",\"contentUrl\":\"https:\\\/\\\/secure.gravatar.com\\\/avatar\\\/f7ebe82ec9c354ad3ae32d7dd2959bcc114f509f8008b4b31cf1761872925f3d?s=96&d=mm&r=g\",\"caption\":\"CMAO ADMIN\"},\"description\":\"Biographical Info\",\"sameAs\":[\"https:\\\/\\\/cmaontario.ca\"],\"url\":\"https:\\\/\\\/cmaontario.ca\\\/fr\\\/author\\\/cmao\\\/\"}]}<\/script>\n<!-- \/ Yoast SEO plugin. -->","yoast_head_json":{"title":"In the Country with Dave Woods Remembering John Marlatt - Country Music Association of Ontario","robots":{"index":"index","follow":"follow","max-snippet":"max-snippet:-1","max-image-preview":"max-image-preview:large","max-video-preview":"max-video-preview:-1"},"canonical":"https:\/\/cmaontario.ca\/fr\/in-the-country-with-dave-woods-remembering-john-marlatt\/","og_locale":"fr_CA","og_type":"article","og_title":"In the Country with Dave Woods Remembering John Marlatt - Country Music Association of Ontario","og_description":"The news spread quickly on Monday, July 24, 2023, that John Marlatt, owner of Oakville\u2019s iconic Moonshine Cafe, had passed away after a brief illness. Right away, there was an&hellip;","og_url":"https:\/\/cmaontario.ca\/fr\/in-the-country-with-dave-woods-remembering-john-marlatt\/","og_site_name":"Country Music Association of Ontario","article_publisher":"https:\/\/www.facebook.com\/thecmaontario\/","article_published_time":"2023-08-11T12:47:57+00:00","article_modified_time":"2025-09-28T02:16:12+00:00","og_image":[{"width":813,"height":630,"url":"https:\/\/cmaontario.ca\/wp-content\/uploads\/2025\/09\/in-the-country-with-dave-woods-remembering-john-marlatt.jpg","type":"image\/jpeg"}],"author":"CMAO ADMIN","twitter_card":"summary_large_image","twitter_creator":"@theCMAOntario","twitter_site":"@theCMAOntario","twitter_misc":{"\u00c9crit par":"CMAO ADMIN","Estimation du temps de lecture":"4 minutes"},"schema":{"@context":"https:\/\/schema.org","@graph":[{"@type":"Article","@id":"https:\/\/cmaontario.ca\/in-the-country-with-dave-woods-remembering-john-marlatt\/#article","isPartOf":{"@id":"https:\/\/cmaontario.ca\/in-the-country-with-dave-woods-remembering-john-marlatt\/"},"author":{"name":"CMAO ADMIN","@id":"https:\/\/cmaontario.ca\/#\/schema\/person\/10a9689eb667d4e847d03bfa032e6e05"},"headline":"In the Country with Dave Woods Remembering John Marlatt","datePublished":"2023-08-11T12:47:57+00:00","dateModified":"2025-09-28T02:16:12+00:00","mainEntityOfPage":{"@id":"https:\/\/cmaontario.ca\/in-the-country-with-dave-woods-remembering-john-marlatt\/"},"wordCount":816,"publisher":{"@id":"https:\/\/cmaontario.ca\/#organization"},"image":{"@id":"https:\/\/cmaontario.ca\/in-the-country-with-dave-woods-remembering-john-marlatt\/#primaryimage"},"thumbnailUrl":"https:\/\/cmaontario.ca\/wp-content\/uploads\/2025\/09\/in-the-country-with-dave-woods-remembering-john-marlatt.jpg","articleSection":["In the Country with Dave Woods 2023"],"inLanguage":"fr-CA"},{"@type":"WebPage","@id":"https:\/\/cmaontario.ca\/in-the-country-with-dave-woods-remembering-john-marlatt\/","url":"https:\/\/cmaontario.ca\/in-the-country-with-dave-woods-remembering-john-marlatt\/","name":"In the Country with Dave Woods Remembering John Marlatt - Country Music Association of Ontario","isPartOf":{"@id":"https:\/\/cmaontario.ca\/#website"},"primaryImageOfPage":{"@id":"https:\/\/cmaontario.ca\/in-the-country-with-dave-woods-remembering-john-marlatt\/#primaryimage"},"image":{"@id":"https:\/\/cmaontario.ca\/in-the-country-with-dave-woods-remembering-john-marlatt\/#primaryimage"},"thumbnailUrl":"https:\/\/cmaontario.ca\/wp-content\/uploads\/2025\/09\/in-the-country-with-dave-woods-remembering-john-marlatt.jpg","datePublished":"2023-08-11T12:47:57+00:00","dateModified":"2025-09-28T02:16:12+00:00","breadcrumb":{"@id":"https:\/\/cmaontario.ca\/in-the-country-with-dave-woods-remembering-john-marlatt\/#breadcrumb"},"inLanguage":"fr-CA","potentialAction":[{"@type":"ReadAction","target":["https:\/\/cmaontario.ca\/in-the-country-with-dave-woods-remembering-john-marlatt\/"]}]},{"@type":"ImageObject","inLanguage":"fr-CA","@id":"https:\/\/cmaontario.ca\/in-the-country-with-dave-woods-remembering-john-marlatt\/#primaryimage","url":"https:\/\/cmaontario.ca\/wp-content\/uploads\/2025\/09\/in-the-country-with-dave-woods-remembering-john-marlatt.jpg","contentUrl":"https:\/\/cmaontario.ca\/wp-content\/uploads\/2025\/09\/in-the-country-with-dave-woods-remembering-john-marlatt.jpg","width":813,"height":630,"caption":"in-the-country-with-dave-woods-remembering-john-marlatt"},{"@type":"BreadcrumbList","@id":"https:\/\/cmaontario.ca\/in-the-country-with-dave-woods-remembering-john-marlatt\/#breadcrumb","itemListElement":[{"@type":"ListItem","position":1,"name":"Home","item":"https:\/\/cmaontario.ca\/"},{"@type":"ListItem","position":2,"name":"In the Country with Dave Woods Remembering John Marlatt"}]},{"@type":"WebSite","@id":"https:\/\/cmaontario.ca\/#website","url":"https:\/\/cmaontario.ca\/","name":"Association de musique country de l'Ontario","description":"Faire conna\u00eetre la musique country de l'Ontario.","publisher":{"@id":"https:\/\/cmaontario.ca\/#organization"},"potentialAction":[{"@type":"SearchAction","target":{"@type":"EntryPoint","urlTemplate":"https:\/\/cmaontario.ca\/?s={search_term_string}"},"query-input":{"@type":"PropertyValueSpecification","valueRequired":true,"valueName":"search_term_string"}}],"inLanguage":"fr-CA"},{"@type":"Organization","@id":"https:\/\/cmaontario.ca\/#organization","name":"Association de musique country de l'Ontario","url":"https:\/\/cmaontario.ca\/","logo":{"@type":"ImageObject","inLanguage":"fr-CA","@id":"https:\/\/cmaontario.ca\/#\/schema\/logo\/image\/","url":"https:\/\/cmaontario.ca\/wp-content\/uploads\/2025\/12\/CMAO-Logo-vertical-MaroonBlu.png","contentUrl":"https:\/\/cmaontario.ca\/wp-content\/uploads\/2025\/12\/CMAO-Logo-vertical-MaroonBlu.png","width":512,"height":512,"caption":"Country Music Association of Ontario"},"image":{"@id":"https:\/\/cmaontario.ca\/#\/schema\/logo\/image\/"},"sameAs":["https:\/\/www.facebook.com\/thecmaontario\/","https:\/\/x.com\/theCMAOntario","https:\/\/www.instagram.com\/thecmaontario\/","https:\/\/open.spotify.com\/user\/cmaontario"]},{"@type":"Person","@id":"https:\/\/cmaontario.ca\/#\/schema\/person\/10a9689eb667d4e847d03bfa032e6e05","name":"CMAO ADMIN","image":{"@type":"ImageObject","inLanguage":"fr-CA","@id":"https:\/\/secure.gravatar.com\/avatar\/f7ebe82ec9c354ad3ae32d7dd2959bcc114f509f8008b4b31cf1761872925f3d?s=96&d=mm&r=g","url":"https:\/\/secure.gravatar.com\/avatar\/f7ebe82ec9c354ad3ae32d7dd2959bcc114f509f8008b4b31cf1761872925f3d?s=96&d=mm&r=g","contentUrl":"https:\/\/secure.gravatar.com\/avatar\/f7ebe82ec9c354ad3ae32d7dd2959bcc114f509f8008b4b31cf1761872925f3d?s=96&d=mm&r=g","caption":"CMAO ADMIN"},"description":"Biographical Info","sameAs":["https:\/\/cmaontario.ca"],"url":"https:\/\/cmaontario.ca\/fr\/author\/cmao\/"}]}},"_links":{"self":[{"href":"https:\/\/cmaontario.ca\/fr\/wp-json\/wp\/v2\/posts\/69331","targetHints":{"allow":["GET"]}}],"collection":[{"href":"https:\/\/cmaontario.ca\/fr\/wp-json\/wp\/v2\/posts"}],"about":[{"href":"https:\/\/cmaontario.ca\/fr\/wp-json\/wp\/v2\/types\/post"}],"author":[{"embeddable":true,"href":"https:\/\/cmaontario.ca\/fr\/wp-json\/wp\/v2\/users\/3"}],"replies":[{"embeddable":true,"href":"https:\/\/cmaontario.ca\/fr\/wp-json\/wp\/v2\/comments?post=69331"}],"version-history":[{"count":4,"href":"https:\/\/cmaontario.ca\/fr\/wp-json\/wp\/v2\/posts\/69331\/revisions"}],"predecessor-version":[{"id":70916,"href":"https:\/\/cmaontario.ca\/fr\/wp-json\/wp\/v2\/posts\/69331\/revisions\/70916"}],"wp:featuredmedia":[{"embeddable":true,"href":"https:\/\/cmaontario.ca\/fr\/wp-json\/wp\/v2\/media\/69332"}],"wp:attachment":[{"href":"https:\/\/cmaontario.ca\/fr\/wp-json\/wp\/v2\/media?parent=69331"}],"wp:term":[{"taxonomy":"category","embeddable":true,"href":"https:\/\/cmaontario.ca\/fr\/wp-json\/wp\/v2\/categories?post=69331"},{"taxonomy":"post_tag","embeddable":true,"href":"https:\/\/cmaontario.ca\/fr\/wp-json\/wp\/v2\/tags?post=69331"}],"curies":[{"name":"wp","href":"https:\/\/api.w.org\/{rel}","templated":true}]}}